{"id":13846,"date":"2023-12-18T13:12:44","date_gmt":"2023-12-18T12:12:44","guid":{"rendered":"https:\/\/www.swisscanto-flex.ch\/resultats-des-elections-du-conseil-de-fondation-pour-la-periode-electorale-2024-2026\/"},"modified":"2024-01-22T16:17:46","modified_gmt":"2024-01-22T15:17:46","slug":"resultats-des-elections-du-conseil-de-fondation-pour-la-periode-electorale-2024-2026","status":"publish","type":"post","link":"https:\/\/www.swisscanto-flex.ch\/fr\/resultats-des-elections-du-conseil-de-fondation-pour-la-periode-electorale-2024-2026\/","title":{"rendered":"R\u00e9sultats des \u00e9lections du conseil de fondation pour la p\u00e9riode \u00e9lectorale 2024 \u2013 2026"},"content":{"rendered":"\t\t<div data-elementor-type=\"wp-post\" data-elementor-id=\"13846\" class=\"elementor elementor-13846 elementor-13831\" data-elementor-settings=\"{&quot;ha_cmc_init_switcher&quot;:&quot;no&quot;}\" data-elementor-post-type=\"post\">\n\t\t\t\t\t\t<section class=\"elementor-section elementor-top-section elementor-element elementor-element-769e772 elementor-section-boxed elementor-section-height-default elementor-section-height-default\" data-id=\"769e772\" data-element_type=\"section\" data-settings=\"{&quot;_ha_eqh_enable&quot;:false}\">\n\t\t\t\t\t\t<div class=\"elementor-container elementor-column-gap-default\">\n\t\t\t\t\t<div class=\"elementor-column elementor-col-100 elementor-top-column elementor-element elementor-element-dd2c20d\" data-id=\"dd2c20d\" data-element_type=\"column\">\n\t\t\t<div class=\"elementor-widget-wrap elementor-element-populated\">\n\t\t\t\t\t\t<div class=\"elementor-element elementor-element-6983238 elementor-widget elementor-widget-text-editor\" data-id=\"6983238\" data-element_type=\"widget\" data-widget_type=\"text-editor.default\">\n\t\t\t\t<div class=\"elementor-widget-container\">\n\t\t\t\t\t\t\t\t\t<p>Nous sommes heureux d&rsquo;annoncer qu&rsquo;un total de 3 548 votes (pond\u00e9r\u00e9s*) ont \u00e9t\u00e9 enregistr\u00e9s. Le taux de participation global a \u00e9t\u00e9 de 33,0% (pond\u00e9r\u00e9*).<\/p>\n<p>Nous vous remercions chaleureusement de votre participation aux \u00e9lections.<\/p>\n<p>Nous f\u00e9licitons les membres du conseil de fondation Stephan Bugget et Thomas Mathys pour leur r\u00e9\u00e9lection en tant que repr\u00e9sentants des employ\u00e9s de Swisscanto Flex Fondation Collective pour la p\u00e9riode allant du 1er janvier 2024 au 31 d\u00e9cembre 2026. Monsieur Daniel A. Camenzind a \u00e9t\u00e9 nouvellement \u00e9lu &#8211; f\u00e9licitations pour cela aussi.<\/p>\n<p>Nous souhaitons \u00e0 tous les membres du conseil de fondation beaucoup de succ\u00e8s dans leur fonction.<\/p>\n\t\t\t\t\t\t\t\t<\/div>\n\t\t\t\t<\/div>\n\t\t\t\t<div class=\"elementor-element elementor-element-b32f9be elementor-widget elementor-widget-text-editor\" data-id=\"b32f9be\" data-element_type=\"widget\" data-widget_type=\"text-editor.default\">\n\t\t\t\t<div class=\"elementor-widget-container\">\n\t\t\t\t\t\t\t\t\t<p>* La pond\u00e9ration se fait par le nombre d&rsquo;assur\u00e9s par affiliation<\/p>\n\t\t\t\t\t\t\t\t<\/div>\n\t\t\t\t<\/div>\n\t\t\t\t\t<\/div>\n\t\t<\/div>\n\t\t\t\t\t<\/div>\n\t\t<\/section>\n\t\t\t\t<\/div>\n\t\t","protected":false},"excerpt":{"rendered":"<p>Le r\u00e9sultat des \u00e9lections du 6 d\u00e9cembre 2023 des repr\u00e9sentants des salari\u00e9s au conseil de fondation est d\u00e9sormais disponible.<\/p>\n","protected":false},"author":15,"featured_media":13837,"comment_status":"open","ping_status":"open","sticky":false,"template":"","format":"standard","meta":{"_acf_changed":false,"footnotes":""},"categories":[51],"tags":[],"class_list":["post-13846","post","type-post","status-publish","format-standard","has-post-thumbnail","hentry","category-non-classifiee"],"acf":[],"yoast_head":"<!-- This site is optimized with the Yoast SEO plugin v26.1.1 - https:\/\/yoast.com\/wordpress\/plugins\/seo\/ -->\n<title>R\u00e9sultats des \u00e9lections du conseil de fondation pour la p\u00e9riode \u00e9lectorale 2024 \u2013 2026 - Swisscanto Flex<\/title>\n<meta name=\"robots\" content=\"index, follow, max-snippet:-1, max-image-preview:large, max-video-preview:-1\" \/>\n<link rel=\"canonical\" href=\"https:\/\/www.swisscanto-flex.ch\/fr\/resultats-des-elections-du-conseil-de-fondation-pour-la-periode-electorale-2024-2026\/\" \/>\n<meta property=\"og:locale\" content=\"fr_FR\" \/>\n<meta property=\"og:type\" content=\"article\" \/>\n<meta property=\"og:title\" content=\"R\u00e9sultats des \u00e9lections du conseil de fondation pour la p\u00e9riode \u00e9lectorale 2024 \u2013 2026 - Swisscanto Flex\" \/>\n<meta property=\"og:description\" content=\"Le r\u00e9sultat des \u00e9lections du 6 d\u00e9cembre 2023 des repr\u00e9sentants des salari\u00e9s au conseil de fondation est d\u00e9sormais disponible.\" \/>\n<meta property=\"og:url\" content=\"https:\/\/www.swisscanto-flex.ch\/fr\/resultats-des-elections-du-conseil-de-fondation-pour-la-periode-electorale-2024-2026\/\" \/>\n<meta property=\"og:site_name\" content=\"Swisscanto Flex\" \/>\n<meta property=\"article:published_time\" content=\"2023-12-18T12:12:44+00:00\" \/>\n<meta property=\"article:modified_time\" content=\"2024-01-22T15:17:46+00:00\" \/>\n<meta property=\"og:image\" content=\"https:\/\/www.swisscanto-flex.ch\/wp-content\/uploads\/2023\/12\/PFS-Flex-News_Ergebnisse-Stiftungsratswahlen-1.jpg\" \/>\n\t<meta property=\"og:image:width\" content=\"1900\" \/>\n\t<meta property=\"og:image:height\" content=\"1069\" \/>\n\t<meta property=\"og:image:type\" content=\"image\/jpeg\" \/>\n<meta name=\"author\" content=\"Valentina Corti\" \/>\n<meta name=\"twitter:card\" content=\"summary_large_image\" \/>\n<meta name=\"twitter:label1\" content=\"\u00c9crit par\" \/>\n\t<meta name=\"twitter:data1\" content=\"Valentina Corti\" \/>\n\t<meta name=\"twitter:label2\" content=\"Dur\u00e9e de lecture estim\u00e9e\" \/>\n\t<meta name=\"twitter:data2\" content=\"1 minute\" \/>\n<script type=\"application\/ld+json\" class=\"yoast-schema-graph\">{\"@context\":\"https:\/\/schema.org\",\"@graph\":[{\"@type\":\"Article\",\"@id\":\"https:\/\/www.swisscanto-flex.ch\/fr\/resultats-des-elections-du-conseil-de-fondation-pour-la-periode-electorale-2024-2026\/#article\",\"isPartOf\":{\"@id\":\"https:\/\/www.swisscanto-flex.ch\/fr\/resultats-des-elections-du-conseil-de-fondation-pour-la-periode-electorale-2024-2026\/\"},\"author\":{\"name\":\"Valentina Corti\",\"@id\":\"https:\/\/www.swisscanto-flex.ch\/fr\/#\/schema\/person\/685ef4e1491098b62f002cba8875bdd8\"},\"headline\":\"R\u00e9sultats des \u00e9lections du conseil de fondation pour la p\u00e9riode \u00e9lectorale 2024 \u2013 2026\",\"datePublished\":\"2023-12-18T12:12:44+00:00\",\"dateModified\":\"2024-01-22T15:17:46+00:00\",\"mainEntityOfPage\":{\"@id\":\"https:\/\/www.swisscanto-flex.ch\/fr\/resultats-des-elections-du-conseil-de-fondation-pour-la-periode-electorale-2024-2026\/\"},\"wordCount\":134,\"commentCount\":0,\"publisher\":{\"@id\":\"https:\/\/www.swisscanto-flex.ch\/fr\/#organization\"},\"image\":{\"@id\":\"https:\/\/www.swisscanto-flex.ch\/fr\/resultats-des-elections-du-conseil-de-fondation-pour-la-periode-electorale-2024-2026\/#primaryimage\"},\"thumbnailUrl\":\"https:\/\/www.swisscanto-flex.ch\/wp-content\/uploads\/2023\/12\/PFS-Flex-News_Ergebnisse-Stiftungsratswahlen-1.jpg\",\"articleSection\":[\"Non classifi\u00e9(e)\"],\"inLanguage\":\"fr-FR\",\"potentialAction\":[{\"@type\":\"CommentAction\",\"name\":\"Comment\",\"target\":[\"https:\/\/www.swisscanto-flex.ch\/fr\/resultats-des-elections-du-conseil-de-fondation-pour-la-periode-electorale-2024-2026\/#respond\"]}]},{\"@type\":\"WebPage\",\"@id\":\"https:\/\/www.swisscanto-flex.ch\/fr\/resultats-des-elections-du-conseil-de-fondation-pour-la-periode-electorale-2024-2026\/\",\"url\":\"https:\/\/www.swisscanto-flex.ch\/fr\/resultats-des-elections-du-conseil-de-fondation-pour-la-periode-electorale-2024-2026\/\",\"name\":\"R\u00e9sultats des \u00e9lections du conseil de fondation pour la p\u00e9riode \u00e9lectorale 2024 \u2013 2026 - Swisscanto Flex\",\"isPartOf\":{\"@id\":\"https:\/\/www.swisscanto-flex.ch\/fr\/#website\"},\"primaryImageOfPage\":{\"@id\":\"https:\/\/www.swisscanto-flex.ch\/fr\/resultats-des-elections-du-conseil-de-fondation-pour-la-periode-electorale-2024-2026\/#primaryimage\"},\"image\":{\"@id\":\"https:\/\/www.swisscanto-flex.ch\/fr\/resultats-des-elections-du-conseil-de-fondation-pour-la-periode-electorale-2024-2026\/#primaryimage\"},\"thumbnailUrl\":\"https:\/\/www.swisscanto-flex.ch\/wp-content\/uploads\/2023\/12\/PFS-Flex-News_Ergebnisse-Stiftungsratswahlen-1.jpg\",\"datePublished\":\"2023-12-18T12:12:44+00:00\",\"dateModified\":\"2024-01-22T15:17:46+00:00\",\"breadcrumb\":{\"@id\":\"https:\/\/www.swisscanto-flex.ch\/fr\/resultats-des-elections-du-conseil-de-fondation-pour-la-periode-electorale-2024-2026\/#breadcrumb\"},\"inLanguage\":\"fr-FR\",\"potentialAction\":[{\"@type\":\"ReadAction\",\"target\":[\"https:\/\/www.swisscanto-flex.ch\/fr\/resultats-des-elections-du-conseil-de-fondation-pour-la-periode-electorale-2024-2026\/\"]}]},{\"@type\":\"ImageObject\",\"inLanguage\":\"fr-FR\",\"@id\":\"https:\/\/www.swisscanto-flex.ch\/fr\/resultats-des-elections-du-conseil-de-fondation-pour-la-periode-electorale-2024-2026\/#primaryimage\",\"url\":\"https:\/\/www.swisscanto-flex.ch\/wp-content\/uploads\/2023\/12\/PFS-Flex-News_Ergebnisse-Stiftungsratswahlen-1.jpg\",\"contentUrl\":\"https:\/\/www.swisscanto-flex.ch\/wp-content\/uploads\/2023\/12\/PFS-Flex-News_Ergebnisse-Stiftungsratswahlen-1.jpg\",\"width\":1900,\"height\":1069},{\"@type\":\"BreadcrumbList\",\"@id\":\"https:\/\/www.swisscanto-flex.ch\/fr\/resultats-des-elections-du-conseil-de-fondation-pour-la-periode-electorale-2024-2026\/#breadcrumb\",\"itemListElement\":[{\"@type\":\"ListItem\",\"position\":1,\"name\":\"Home\",\"item\":\"https:\/\/www.swisscanto-flex.ch\/fr\/\"},{\"@type\":\"ListItem\",\"position\":2,\"name\":\"R\u00e9sultats des \u00e9lections du conseil de fondation pour la p\u00e9riode \u00e9lectorale 2024 \u2013 2026\"}]},{\"@type\":\"WebSite\",\"@id\":\"https:\/\/www.swisscanto-flex.ch\/fr\/#website\",\"url\":\"https:\/\/www.swisscanto-flex.ch\/fr\/\",\"name\":\"Swisscanto Flex\",\"description\":\"\",\"publisher\":{\"@id\":\"https:\/\/www.swisscanto-flex.ch\/fr\/#organization\"},\"potentialAction\":[{\"@type\":\"SearchAction\",\"target\":{\"@type\":\"EntryPoint\",\"urlTemplate\":\"https:\/\/www.swisscanto-flex.ch\/fr\/?s={search_term_string}\"},\"query-input\":{\"@type\":\"PropertyValueSpecification\",\"valueRequired\":true,\"valueName\":\"search_term_string\"}}],\"inLanguage\":\"fr-FR\"},{\"@type\":\"Organization\",\"@id\":\"https:\/\/www.swisscanto-flex.ch\/fr\/#organization\",\"name\":\"Swisscanto Flex\",\"url\":\"https:\/\/www.swisscanto-flex.ch\/fr\/\",\"logo\":{\"@type\":\"ImageObject\",\"inLanguage\":\"fr-FR\",\"@id\":\"https:\/\/www.swisscanto-flex.ch\/fr\/#\/schema\/logo\/image\/\",\"url\":\"https:\/\/www.swisscanto-flex.ch\/wp-content\/uploads\/2025\/08\/SWCstift_Flex_DE_hor_pos_sRGB.png\",\"contentUrl\":\"https:\/\/www.swisscanto-flex.ch\/wp-content\/uploads\/2025\/08\/SWCstift_Flex_DE_hor_pos_sRGB.png\",\"width\":1241,\"height\":110,\"caption\":\"Swisscanto Flex\"},\"image\":{\"@id\":\"https:\/\/www.swisscanto-flex.ch\/fr\/#\/schema\/logo\/image\/\"}},{\"@type\":\"Person\",\"@id\":\"https:\/\/www.swisscanto-flex.ch\/fr\/#\/schema\/person\/685ef4e1491098b62f002cba8875bdd8\",\"name\":\"Valentina Corti\",\"image\":{\"@type\":\"ImageObject\",\"inLanguage\":\"fr-FR\",\"@id\":\"https:\/\/www.swisscanto-flex.ch\/fr\/#\/schema\/person\/image\/\",\"url\":\"https:\/\/secure.gravatar.com\/avatar\/4c323080a63df9ec7def347d1f57c4ce6430d817a35f718f1d6f681b2138f084?s=96&d=mm&r=g\",\"contentUrl\":\"https:\/\/secure.gravatar.com\/avatar\/4c323080a63df9ec7def347d1f57c4ce6430d817a35f718f1d6f681b2138f084?s=96&d=mm&r=g\",\"caption\":\"Valentina Corti\"},\"url\":\"https:\/\/www.swisscanto-flex.ch\/fr\/author\/valentina-corti\/\"}]}<\/script>\n<!-- \/ Yoast SEO plugin. -->","yoast_head_json":{"title":"R\u00e9sultats des \u00e9lections du conseil de fondation pour la p\u00e9riode \u00e9lectorale 2024 \u2013 2026 - Swisscanto Flex","robots":{"index":"index","follow":"follow","max-snippet":"max-snippet:-1","max-image-preview":"max-image-preview:large","max-video-preview":"max-video-preview:-1"},"canonical":"https:\/\/www.swisscanto-flex.ch\/fr\/resultats-des-elections-du-conseil-de-fondation-pour-la-periode-electorale-2024-2026\/","og_locale":"fr_FR","og_type":"article","og_title":"R\u00e9sultats des \u00e9lections du conseil de fondation pour la p\u00e9riode \u00e9lectorale 2024 \u2013 2026 - Swisscanto Flex","og_description":"Le r\u00e9sultat des \u00e9lections du 6 d\u00e9cembre 2023 des repr\u00e9sentants des salari\u00e9s au conseil de fondation est d\u00e9sormais disponible.","og_url":"https:\/\/www.swisscanto-flex.ch\/fr\/resultats-des-elections-du-conseil-de-fondation-pour-la-periode-electorale-2024-2026\/","og_site_name":"Swisscanto Flex","article_published_time":"2023-12-18T12:12:44+00:00","article_modified_time":"2024-01-22T15:17:46+00:00","og_image":[{"width":1900,"height":1069,"url":"https:\/\/www.swisscanto-flex.ch\/wp-content\/uploads\/2023\/12\/PFS-Flex-News_Ergebnisse-Stiftungsratswahlen-1.jpg","type":"image\/jpeg"}],"author":"Valentina Corti","twitter_card":"summary_large_image","twitter_misc":{"\u00c9crit par":"Valentina Corti","Dur\u00e9e de lecture estim\u00e9e":"1 minute"},"schema":{"@context":"https:\/\/schema.org","@graph":[{"@type":"Article","@id":"https:\/\/www.swisscanto-flex.ch\/fr\/resultats-des-elections-du-conseil-de-fondation-pour-la-periode-electorale-2024-2026\/#article","isPartOf":{"@id":"https:\/\/www.swisscanto-flex.ch\/fr\/resultats-des-elections-du-conseil-de-fondation-pour-la-periode-electorale-2024-2026\/"},"author":{"name":"Valentina Corti","@id":"https:\/\/www.swisscanto-flex.ch\/fr\/#\/schema\/person\/685ef4e1491098b62f002cba8875bdd8"},"headline":"R\u00e9sultats des \u00e9lections du conseil de fondation pour la p\u00e9riode \u00e9lectorale 2024 \u2013 2026","datePublished":"2023-12-18T12:12:44+00:00","dateModified":"2024-01-22T15:17:46+00:00","mainEntityOfPage":{"@id":"https:\/\/www.swisscanto-flex.ch\/fr\/resultats-des-elections-du-conseil-de-fondation-pour-la-periode-electorale-2024-2026\/"},"wordCount":134,"commentCount":0,"publisher":{"@id":"https:\/\/www.swisscanto-flex.ch\/fr\/#organization"},"image":{"@id":"https:\/\/www.swisscanto-flex.ch\/fr\/resultats-des-elections-du-conseil-de-fondation-pour-la-periode-electorale-2024-2026\/#primaryimage"},"thumbnailUrl":"https:\/\/www.swisscanto-flex.ch\/wp-content\/uploads\/2023\/12\/PFS-Flex-News_Ergebnisse-Stiftungsratswahlen-1.jpg","articleSection":["Non classifi\u00e9(e)"],"inLanguage":"fr-FR","potentialAction":[{"@type":"CommentAction","name":"Comment","target":["https:\/\/www.swisscanto-flex.ch\/fr\/resultats-des-elections-du-conseil-de-fondation-pour-la-periode-electorale-2024-2026\/#respond"]}]},{"@type":"WebPage","@id":"https:\/\/www.swisscanto-flex.ch\/fr\/resultats-des-elections-du-conseil-de-fondation-pour-la-periode-electorale-2024-2026\/","url":"https:\/\/www.swisscanto-flex.ch\/fr\/resultats-des-elections-du-conseil-de-fondation-pour-la-periode-electorale-2024-2026\/","name":"R\u00e9sultats des \u00e9lections du conseil de fondation pour la p\u00e9riode \u00e9lectorale 2024 \u2013 2026 - Swisscanto Flex","isPartOf":{"@id":"https:\/\/www.swisscanto-flex.ch\/fr\/#website"},"primaryImageOfPage":{"@id":"https:\/\/www.swisscanto-flex.ch\/fr\/resultats-des-elections-du-conseil-de-fondation-pour-la-periode-electorale-2024-2026\/#primaryimage"},"image":{"@id":"https:\/\/www.swisscanto-flex.ch\/fr\/resultats-des-elections-du-conseil-de-fondation-pour-la-periode-electorale-2024-2026\/#primaryimage"},"thumbnailUrl":"https:\/\/www.swisscanto-flex.ch\/wp-content\/uploads\/2023\/12\/PFS-Flex-News_Ergebnisse-Stiftungsratswahlen-1.jpg","datePublished":"2023-12-18T12:12:44+00:00","dateModified":"2024-01-22T15:17:46+00:00","breadcrumb":{"@id":"https:\/\/www.swisscanto-flex.ch\/fr\/resultats-des-elections-du-conseil-de-fondation-pour-la-periode-electorale-2024-2026\/#breadcrumb"},"inLanguage":"fr-FR","potentialAction":[{"@type":"ReadAction","target":["https:\/\/www.swisscanto-flex.ch\/fr\/resultats-des-elections-du-conseil-de-fondation-pour-la-periode-electorale-2024-2026\/"]}]},{"@type":"ImageObject","inLanguage":"fr-FR","@id":"https:\/\/www.swisscanto-flex.ch\/fr\/resultats-des-elections-du-conseil-de-fondation-pour-la-periode-electorale-2024-2026\/#primaryimage","url":"https:\/\/www.swisscanto-flex.ch\/wp-content\/uploads\/2023\/12\/PFS-Flex-News_Ergebnisse-Stiftungsratswahlen-1.jpg","contentUrl":"https:\/\/www.swisscanto-flex.ch\/wp-content\/uploads\/2023\/12\/PFS-Flex-News_Ergebnisse-Stiftungsratswahlen-1.jpg","width":1900,"height":1069},{"@type":"BreadcrumbList","@id":"https:\/\/www.swisscanto-flex.ch\/fr\/resultats-des-elections-du-conseil-de-fondation-pour-la-periode-electorale-2024-2026\/#breadcrumb","itemListElement":[{"@type":"ListItem","position":1,"name":"Home","item":"https:\/\/www.swisscanto-flex.ch\/fr\/"},{"@type":"ListItem","position":2,"name":"R\u00e9sultats des \u00e9lections du conseil de fondation pour la p\u00e9riode \u00e9lectorale 2024 \u2013 2026"}]},{"@type":"WebSite","@id":"https:\/\/www.swisscanto-flex.ch\/fr\/#website","url":"https:\/\/www.swisscanto-flex.ch\/fr\/","name":"Swisscanto Flex","description":"","publisher":{"@id":"https:\/\/www.swisscanto-flex.ch\/fr\/#organization"},"potentialAction":[{"@type":"SearchAction","target":{"@type":"EntryPoint","urlTemplate":"https:\/\/www.swisscanto-flex.ch\/fr\/?s={search_term_string}"},"query-input":{"@type":"PropertyValueSpecification","valueRequired":true,"valueName":"search_term_string"}}],"inLanguage":"fr-FR"},{"@type":"Organization","@id":"https:\/\/www.swisscanto-flex.ch\/fr\/#organization","name":"Swisscanto Flex","url":"https:\/\/www.swisscanto-flex.ch\/fr\/","logo":{"@type":"ImageObject","inLanguage":"fr-FR","@id":"https:\/\/www.swisscanto-flex.ch\/fr\/#\/schema\/logo\/image\/","url":"https:\/\/www.swisscanto-flex.ch\/wp-content\/uploads\/2025\/08\/SWCstift_Flex_DE_hor_pos_sRGB.png","contentUrl":"https:\/\/www.swisscanto-flex.ch\/wp-content\/uploads\/2025\/08\/SWCstift_Flex_DE_hor_pos_sRGB.png","width":1241,"height":110,"caption":"Swisscanto Flex"},"image":{"@id":"https:\/\/www.swisscanto-flex.ch\/fr\/#\/schema\/logo\/image\/"}},{"@type":"Person","@id":"https:\/\/www.swisscanto-flex.ch\/fr\/#\/schema\/person\/685ef4e1491098b62f002cba8875bdd8","name":"Valentina Corti","image":{"@type":"ImageObject","inLanguage":"fr-FR","@id":"https:\/\/www.swisscanto-flex.ch\/fr\/#\/schema\/person\/image\/","url":"https:\/\/secure.gravatar.com\/avatar\/4c323080a63df9ec7def347d1f57c4ce6430d817a35f718f1d6f681b2138f084?s=96&d=mm&r=g","contentUrl":"https:\/\/secure.gravatar.com\/avatar\/4c323080a63df9ec7def347d1f57c4ce6430d817a35f718f1d6f681b2138f084?s=96&d=mm&r=g","caption":"Valentina Corti"},"url":"https:\/\/www.swisscanto-flex.ch\/fr\/author\/valentina-corti\/"}]}},"_links":{"self":[{"href":"https:\/\/www.swisscanto-flex.ch\/fr\/wp-json\/wp\/v2\/posts\/13846","targetHints":{"allow":["GET"]}}],"collection":[{"href":"https:\/\/www.swisscanto-flex.ch\/fr\/wp-json\/wp\/v2\/posts"}],"about":[{"href":"https:\/\/www.swisscanto-flex.ch\/fr\/wp-json\/wp\/v2\/types\/post"}],"author":[{"embeddable":true,"href":"https:\/\/www.swisscanto-flex.ch\/fr\/wp-json\/wp\/v2\/users\/15"}],"replies":[{"embeddable":true,"href":"https:\/\/www.swisscanto-flex.ch\/fr\/wp-json\/wp\/v2\/comments?post=13846"}],"version-history":[{"count":2,"href":"https:\/\/www.swisscanto-flex.ch\/fr\/wp-json\/wp\/v2\/posts\/13846\/revisions"}],"predecessor-version":[{"id":14001,"href":"https:\/\/www.swisscanto-flex.ch\/fr\/wp-json\/wp\/v2\/posts\/13846\/revisions\/14001"}],"wp:featuredmedia":[{"embeddable":true,"href":"https:\/\/www.swisscanto-flex.ch\/fr\/wp-json\/wp\/v2\/media\/13837"}],"wp:attachment":[{"href":"https:\/\/www.swisscanto-flex.ch\/fr\/wp-json\/wp\/v2\/media?parent=13846"}],"wp:term":[{"taxonomy":"category","embeddable":true,"href":"https:\/\/www.swisscanto-flex.ch\/fr\/wp-json\/wp\/v2\/categories?post=13846"},{"taxonomy":"post_tag","embeddable":true,"href":"https:\/\/www.swisscanto-flex.ch\/fr\/wp-json\/wp\/v2\/tags?post=13846"}],"curies":[{"name":"wp","href":"https:\/\/api.w.org\/{rel}","templated":true}]}}